[{"@context":"https:\/\/schema.org\/","@type":"Article","@id":"https:\/\/www.aesc.cz\/kdy-se-vydat-na-tehotenske-foceni-a-co-si-obleknout-aby-brisko-maximalne-vyniklo\/#Article","mainEntityOfPage":"https:\/\/www.aesc.cz\/kdy-se-vydat-na-tehotenske-foceni-a-co-si-obleknout-aby-brisko-maximalne-vyniklo\/","headline":"Kdy se vydat na t\u011bhotensk\u00e9 focen\u00ed a co si obl\u00e9knout, aby b\u0159\u00ed\u0161ko maxim\u00e1ln\u011b vyniklo?","name":"Kdy se vydat na t\u011bhotensk\u00e9 focen\u00ed a co si obl\u00e9knout, aby b\u0159\u00ed\u0161ko maxim\u00e1ln\u011b vyniklo?","description":"Sn\u00edmky t\u011bhotn\u00fdch \u017een jsou v dne\u0161n\u00ed dob\u011b neskute\u010dn\u011b popul\u00e1rn\u00ed a ka\u017ed\u00e1 t\u011bhotn\u00e1 \u017eena si chce zachovat tu nejlep\u0161\u00ed vzpom\u00ednku na po\u017eehnan\u00fd stav. Chcete tak\u00e9? Kdy se vydat na t\u011bhotensk\u00e9 focen\u00ed a co si obl\u00e9knout, aby b\u0159\u00ed\u0161ko maxim\u00e1ln\u011b vyniklo? T\u011bhotenstv\u00ed je kr\u00e1sn\u00e9 obdob\u00ed, i kdy\u017e n\u011bkdy hodn\u011b n\u00e1ro\u010dn\u00e9, je to doba, na kterou chce m\u00edt \u017eena [&hellip;]","datePublished":"2021-07-20","dateModified":"2023-05-15","author":{"@type":"Person","@id":"https:\/\/www.aesc.cz\/author\/#Person","name":"","url":"https:\/\/www.aesc.cz\/author\/","identifier":1,"image":{"@type":"ImageObject","@id":"https:\/\/secure.gravatar.com\/avatar\/633c8fb9866a4b0403353760c35030d9478298d226363320d7bf91cdc3dbe3b6?s=96&d=mm&r=g","url":"https:\/\/secure.gravatar.com\/avatar\/633c8fb9866a4b0403353760c35030d9478298d226363320d7bf91cdc3dbe3b6?s=96&d=mm&r=g","height":96,"width":96}},"publisher":{"@type":"Organization","name":"aesc.cz","logo":{"@type":"ImageObject","@id":"\/logo.png","url":"\/logo.png","width":600,"height":60}},"image":{"@type":"ImageObject","@id":"https:\/\/www.aesc.cz\/wp-content\/uploads\/pexels-photo-57529_1.jpeg","url":"https:\/\/www.aesc.cz\/wp-content\/uploads\/pexels-photo-57529_1.jpeg","height":0,"width":0},"url":"https:\/\/www.aesc.cz\/kdy-se-vydat-na-tehotenske-foceni-a-co-si-obleknout-aby-brisko-maximalne-vyniklo\/","about":["Podnik\u00e1n\u00ed"],"wordCount":536,"articleBody":"     Sn\u00edmky t\u011bhotn\u00fdch \u017een jsou v dne\u0161n\u00ed dob\u011b neskute\u010dn\u011b popul\u00e1rn\u00ed a ka\u017ed\u00e1 t\u011bhotn\u00e1 \u017eena si chce zachovat tu nejlep\u0161\u00ed vzpom\u00ednku na po\u017eehnan\u00fd stav. Chcete tak\u00e9? Kdy se vydat na t\u011bhotensk\u00e9 focen\u00ed a co si obl\u00e9knout, aby b\u0159\u00ed\u0161ko maxim\u00e1ln\u011b vyniklo? T\u011bhotenstv\u00ed je kr\u00e1sn\u00e9 obdob\u00ed, i kdy\u017e n\u011bkdy hodn\u011b n\u00e1ro\u010dn\u00e9, je to doba, na kterou chce m\u00edt \u017eena vzpom\u00ednku u\u017e na cel\u00fd \u017eivot. A jak nejl\u00e9pe uchovat vzpom\u00ednky, ne\u017e za pomoc\u00ed fotek? Kr\u00e1sn\u00e9 t\u011bhotensk\u00e9 sn\u00edmky v\u00e1m nejl\u00e9pe ud\u011bl\u00e1 profesion\u00e1ln\u00ed fotograf, ten v\u00e1m ud\u011bl\u00e1 fotky venku i uvnit\u0159, vyfotit se pak m\u016f\u017eete sama ale i s celou rodinou. Fotograf tak\u00e9 vystihne pr\u00e1v\u011b to nejkr\u00e1sn\u011bj\u0161\u00ed na cel\u00e9m obdob\u00ed t\u011bhotenstv\u00ed a prim na fotk\u00e1ch mus\u00ed hr\u00e1t t\u011bhotensk\u00e9 b\u0159\u00ed\u0161ko. Aby fotky, ale co nejl\u00e9pe vynikly, je dobr\u00e9 se p\u0159edem p\u0159ipravit a vhodn\u011b obl\u00e9knout. U\u017e m\u00e1te svou p\u0159edstavu, jak by fotky m\u011bly vypadat nebo si nech\u00e1te poradit od profesion\u00e1la? Kouzla s fo\u0165\u00e1kem\u0158ada lid\u00ed si mysl\u00ed, \u017ee vyfotit fotku nen\u00ed zase a\u017e takov\u00fd probl\u00e9m, ale pravdou je, \u017ee je to docela maka\u010dka. Aby se fotka vyda\u0159ila, je nutn\u00e9 um\u011bt pracovat se sv\u011btlem ale i s okol\u00edm, mus\u00ed se uzp\u016fsobit m\u00edsto a celkov\u00e9 pozad\u00ed m\u016f\u017ee n\u011bkdy b\u00fdt ru\u0161iv\u00e9, pr\u00e1v\u011b tyhle detaily nejl\u00e9pe vystihne a uprav\u00ed jen profesion\u00e1ln\u00ed fotograf t\u011bhotensk\u00e9 focen\u00ed Ostrava. Fotograf se sv\u00fdm fo\u0165\u00e1kem opravdu um\u00ed kouzlit, a proto pokud chcete m\u00edt dokonal\u00e9 fotky, ur\u010dit\u011b jej oslovte. Z\u00e1le\u017e\u00ed toti\u017e i na tom, co si na focen\u00ed obl\u00e9knete nebo, kde se budete fotit a kdy. Nejlep\u0161\u00ed fotky vznikaj\u00ed odpoledne, tedy pokud se budete cht\u00edt fotit venku, pokud vevnit\u0159 v ateli\u00e9ru, fotograf se postar\u00e1 o to, aby m\u011bl dokonal\u00e9 sv\u011btlo, a vy jste na fotce dokonale vynikla. Hlavn\u011b tedy va\u0161e t\u011bhotensk\u00e9 b\u0159\u00ed\u0161ko. Kdy se j\u00edt vyfotit a co na sebe? Nejlep\u0161\u00ed t\u011bhotensk\u00e9 fotky mohou vznikat a\u017e v dob\u011b, kdy je b\u0159\u00ed\u0161ko velk\u00e9 a dob\u0159e viditeln\u00e9, n\u011bkter\u00e9 \u017eeny se nech\u00e1vaj\u00ed fotit a\u017e t\u011bsn\u011b p\u0159ed term\u00ednem porodu, pokud se ale strachujete toho, \u017ee byste mohla za\u010d\u00edt rodit p\u0159\u00edmo p\u0159ed fotografem, je vhodnou dobou obdob\u00ed mezi sedm\u00fdm a osm\u00fdm m\u011bs\u00edcem t\u011bhotenstv\u00ed. D\u0159\u00edve to nem\u00e1 p\u0159\u00edli\u0161 cenu, b\u0159\u00ed\u0161ko je obvykle je\u0161t\u011b m\u00e1lo v\u00fdrazn\u00e9 a viditeln\u00e9, i kdy\u017e je pravdou, \u017ee u ka\u017ed\u00e9 \u017eeny je to jinak. Na focen\u00ed si nejl\u00e9pe obl\u00e9kn\u011bte n\u011bco jednobarevn\u00e9ho, neutr\u00e1ln\u00ed barvy oble\u010den\u00ed toti\u017e d\u00e1vaj\u00ed v\u00edce vyniknout samotn\u00e9mu b\u0159\u00ed\u0161ku a pozad\u00ed fotografie. Pokud m\u00e1te v pl\u00e1nu vyfotit se i s partnerem nebo i se star\u0161\u00edmi d\u011btmi, zkuste se v\u0161ichni barevn\u011b sladit dohromady, co\u017e p\u016fsob\u00ed velmi mile. U\u017eijte si sv\u00e9 t\u011bhotensk\u00e9 focen\u00ed na maximum. Neopakovateln\u00e9 chv\u00edle \u017eivota si zaslou\u017e\u00ed zv\u011b\u010dnit.                                                                                                                                                                                                                                                                                                                                                                                          4.5\/5 - (4 votes)        "},{"@context":"https:\/\/schema.org\/","@type":"BreadcrumbList","itemListElement":[{"@type":"ListItem","position":1,"name":"Kdy se vydat na t\u011bhotensk\u00e9 focen\u00ed a co si obl\u00e9knout, aby b\u0159\u00ed\u0161ko maxim\u00e1ln\u011b vyniklo?","item":"https:\/\/www.aesc.cz\/kdy-se-vydat-na-tehotenske-foceni-a-co-si-obleknout-aby-brisko-maximalne-vyniklo\/#breadcrumbitem"}]}]