[{"@context":"https:\/\/schema.org\/","@type":"Article","@id":"https:\/\/www.aesc.cz\/usetrete-prostor-v-pokojicku-diky-patrovym-postelim\/#Article","mainEntityOfPage":"https:\/\/www.aesc.cz\/usetrete-prostor-v-pokojicku-diky-patrovym-postelim\/","headline":"U\u0161et\u0159ete prostor v\u00a0pokoj\u00ed\u010dku d\u00edky patrov\u00fdm postel\u00edm","name":"U\u0161et\u0159ete prostor v\u00a0pokoj\u00ed\u010dku d\u00edky patrov\u00fdm postel\u00edm","description":"Patrov\u00e1 postel p\u0159edstavuje skv\u011bl\u00e9 \u0159e\u0161en\u00ed, jak u\u0161et\u0159it m\u00edsto, a vy\u0159e\u0161it tak probl\u00e9m s t\u00edm, jak do mal\u00e9ho pokoje nacpat dv\u011b postele. Tato varianta umo\u017en\u00ed v\u011bt\u0161\u00ed m\u00edsto v pokoji, a vy ho tak budete moct zaplnit nap\u0159\u00edklad dal\u0161\u00edm psac\u00edm stolem, kter\u00e9 jist\u011b jeho obyvateln\u00e9 vyu\u017eij\u00ed. Ud\u011blejte si tak v\u011bt\u0161\u00ed m\u00edsto v pokoji a vyu\u017eijte na\u0161i nab\u00eddku. [&hellip;]","datePublished":"2025-03-04","dateModified":"2025-03-04","author":{"@type":"Person","@id":"https:\/\/www.aesc.cz\/author\/#Person","name":"","url":"https:\/\/www.aesc.cz\/author\/","identifier":1,"image":{"@type":"ImageObject","@id":"https:\/\/secure.gravatar.com\/avatar\/633c8fb9866a4b0403353760c35030d9478298d226363320d7bf91cdc3dbe3b6?s=96&d=mm&r=g","url":"https:\/\/secure.gravatar.com\/avatar\/633c8fb9866a4b0403353760c35030d9478298d226363320d7bf91cdc3dbe3b6?s=96&d=mm&r=g","height":96,"width":96}},"publisher":{"@type":"Organization","name":"aesc.cz","logo":{"@type":"ImageObject","@id":"\/logo.png","url":"\/logo.png","width":600,"height":60}},"url":"https:\/\/www.aesc.cz\/usetrete-prostor-v-pokojicku-diky-patrovym-postelim\/","wordCount":172,"articleBody":"Patrov\u00e1 postel p\u0159edstavuje skv\u011bl\u00e9 \u0159e\u0161en\u00ed, jak u\u0161et\u0159it m\u00edsto, a vy\u0159e\u0161it tak probl\u00e9m s t\u00edm, jak do mal\u00e9ho pokoje nacpat dv\u011b postele. Tato varianta umo\u017en\u00ed v\u011bt\u0161\u00ed m\u00edsto v pokoji, a vy ho tak budete moct zaplnit nap\u0159\u00edklad dal\u0161\u00edm psac\u00edm stolem, kter\u00e9 jist\u011b jeho obyvateln\u00e9 vyu\u017eij\u00ed.Ud\u011blejte si tak v\u011bt\u0161\u00ed m\u00edsto v pokoji a vyu\u017eijte na\u0161i nab\u00eddku. V na\u0161em sortimentu najdete v\u0161echny r\u016fzn\u00e9 patrov\u00e9 postele, kter\u00e9 nejen zv\u011bt\u0161\u00ed m\u00edsto v pokoji, ale tak\u00e9 hezky zapadnou, a budou z pokoje d\u011blat \u00fatuln\u00e9 m\u00edste\u010dko. V\u00edme, \u017ee na\u0161e patrov\u00e1 postel se osv\u011bd\u010dila v praxi, a proto jsme si jisti kvalitou na\u0161eho produktu, kter\u00e1 je zajist\u00e9 velmi vysok\u00e1.Super kvalitaPatrov\u00e1 postel v\u00e1m zaru\u010d\u00ed mnohem v\u00edc, ne\u017e jen \u00fasporu m\u00edsta. Dal\u0161\u00ed v\u00fdhoda, kterou dostanete pr\u00e1v\u011b u n\u00e1s, je nap\u0159\u00edklad z\u00e1ruka kvality.                                                                                                                                                                                                                                                                                                                                                                                         5\/5 - (1 vote)        "},{"@context":"https:\/\/schema.org\/","@type":"BreadcrumbList","itemListElement":[{"@type":"ListItem","position":1,"name":"U\u0161et\u0159ete prostor v\u00a0pokoj\u00ed\u010dku d\u00edky patrov\u00fdm postel\u00edm","item":"https:\/\/www.aesc.cz\/usetrete-prostor-v-pokojicku-diky-patrovym-postelim\/#breadcrumbitem"}]}]